{"id":10348,"date":"2026-09-03T10:55:25","date_gmt":"2026-09-03T08:55:25","guid":{"rendered":"https:\/\/leadernvskaraborg.se\/?post_type=kalenderpost&#038;p=10348"},"modified":"2026-09-03T10:56:56","modified_gmt":"2026-09-03T08:56:56","slug":"cirkulara-mojligheter-pa-landsbygden","status":"publish","type":"kalenderpost","link":"https:\/\/leadernvskaraborg.se\/en\/kalenderpost\/cirkulara-mojligheter-pa-landsbygden\/","title":{"rendered":"Circular opportunities in the countryside"},"content":{"rendered":"<h4>An inspiration evening about resources, reuse, and local development<\/h4>\n<p>In the countryside, there are materials, buildings, knowledge, and other things that can be used longer, shared, reused, or have new applications. Imagine if what we need to create new already exists, if we just see our resources with new eyes!<\/p>\n<p>Welcome to an evening where we draw inspiration from businesses that create new values from existing resources,<br \/>\nand where you will learn how Leader Northwestern Skaraborg can help you develop a sustainable idea.<\/p>\n<h4>Program<\/h4>\n<ul>\n<li>Jennie-Ann Olsson, Lin &amp; Lera About building preservation, sustainable materials, and the value of caring for and utilizing what already exists.<\/li>\n<li>Matilda Moretti, Center of Circulation About how discarded textiles can become new products while also creating businesses and jobs.<\/li>\n<li>During the evening, we will also share more about the opportunities to apply for Leader support for ideas that contribute to Sustainable solutions.<\/li>\n<\/ul>\n<p><strong>When:<\/strong> September 23rd from 18:00 to 20:00<br \/>\n<strong>Where:<\/strong> Lin &amp; Lera, Larv Faleberg 4, \u200b53462 Larv. <strong><a href=\"https:\/\/www.google.com\/maps\/dir\/58.3894688,13.435477\/Lin+och+Lera+Byggnadsv%C3%A5rdsbutik+och+Kursg%C3%A5rd,+Faleberg+4,+534+62+Larv\/@58.1921704,13.0754593,13.06z\/data=!4m9!4m8!1m1!4e1!1m5!1m1!1s0x465ac51e28cd8f59:0x4a6a338c2a2a6e83!2m2!1d13.0764242!2d58.1657676?entry=ttu&amp;g_ep=EgoyMDI2MDgzMS4wIKXMDSoASAFQAw%3D%3D\" target=\"_blank\" rel=\"noopener\">Find your way here<\/a><\/strong><br \/>\n<a href=\"https:\/\/forms.gle\/EKw6Evut1CQQKZLn9\" target=\"_blank\" rel=\"noopener\"><strong>Register via this link<\/strong><\/a> by September 18th.<\/p>\n<p><strong>Accessibility:<\/strong> A toilet is available in the form of an outdoor toilet. Please feel free to contact us if you have questions about accessibility at the location.<\/p>\n<p><strong>Good to know:<\/strong><\/p>\n<ul>\n<li>The evening is free of charge<\/li>\n<li>Sandwich and coffee\/tea from V\u00e4gs \u00c4nde are included.<\/li>\n<li>The venue may be cool on a September evening, so please dress warmly.<\/li>\n<li>The evening is aimed at entrepreneurs, associations, and those engaged in local development.<\/li>\n<\/ul>","protected":false},"excerpt":{"rendered":"<p>Welcome to an inspiration evening about reuse, resources, and local development. Jennie-Ann Olsson from Lin &amp; Lera and Matilda Moretti from Center of Circulation share their experiences of creating new values from existing resources. You will also learn more about the opportunity to apply for Leader support in Northwestern Skaraborg for sustainable ideas.<\/p>","protected":false},"featured_media":10349,"template":"","meta":{"_acf_changed":false,"_et_pb_use_builder":"","_et_pb_old_content":"","_et_gb_content_width":"","_links_to":"","_links_to_target":""},"class_list":["post-10348","kalenderpost","type-kalenderpost","status-publish","has-post-thumbnail","hentry"],"acf":[],"yoast_head":"<!-- This site is optimized with the Yoast SEO plugin v28.2 - https:\/\/yoast.com\/product\/yoast-seo-wordpress\/ -->\n<title>Cirkul\u00e4ra m\u00f6jligheter p\u00e5 landsbygden - Leader Nordv\u00e4stra Skaraborg<\/title>\n<meta name=\"description\" content=\"Inspirationskv\u00e4ll om \u00e5terbruk, h\u00e5llbara resurser och lokal utveckling. Uppt\u00e4ck nya m\u00f6jligheter och f\u00e5 veta hur din id\u00e9 kan f\u00e5 Leaderst\u00f6d.\" \/>\n<meta name=\"robots\" content=\"index, follow, max-snippet:-1, max-image-preview:large, max-video-preview:-1\" \/>\n<link rel=\"canonical\" href=\"https:\/\/leadernvskaraborg.se\/en\/kalenderpost\/cirkulara-mojligheter-pa-landsbygden\/\" \/>\n<meta property=\"og:locale\" content=\"en_US\" \/>\n<meta property=\"og:type\" content=\"article\" \/>\n<meta property=\"og:title\" content=\"Cirkul\u00e4ra m\u00f6jligheter p\u00e5 landsbygden - Leader Nordv\u00e4stra Skaraborg\" \/>\n<meta property=\"og:description\" content=\"Inspirationskv\u00e4ll om \u00e5terbruk, h\u00e5llbara resurser och lokal utveckling. Uppt\u00e4ck nya m\u00f6jligheter och f\u00e5 veta hur din id\u00e9 kan f\u00e5 Leaderst\u00f6d.\" \/>\n<meta property=\"og:url\" content=\"https:\/\/leadernvskaraborg.se\/en\/kalenderpost\/cirkulara-mojligheter-pa-landsbygden\/\" \/>\n<meta property=\"og:site_name\" content=\"Leader Nordv\u00e4stra Skaraborg\" \/>\n<meta property=\"article:modified_time\" content=\"2026-09-03T08:56:56+00:00\" \/>\n<meta property=\"og:image\" content=\"https:\/\/leadernvskaraborg.se\/wp-content\/uploads\/sites\/33\/2026\/09\/1.jpg\" \/>\n\t<meta property=\"og:image:width\" content=\"1920\" \/>\n\t<meta property=\"og:image:height\" content=\"1080\" \/>\n\t<meta property=\"og:image:type\" content=\"image\/jpeg\" \/>\n<meta name=\"twitter:card\" content=\"summary_large_image\" \/>\n<meta name=\"twitter:label1\" content=\"Est. reading time\" \/>\n\t<meta name=\"twitter:data1\" content=\"2 minutes\" \/>\n<script type=\"application\/ld+json\" class=\"yoast-schema-graph\">{\"@context\":\"https:\\\/\\\/schema.org\",\"@graph\":[{\"@type\":\"WebPage\",\"@id\":\"https:\\\/\\\/leadernvskaraborg.se\\\/kalenderpost\\\/cirkulara-mojligheter-pa-landsbygden\\\/\",\"url\":\"https:\\\/\\\/leadernvskaraborg.se\\\/kalenderpost\\\/cirkulara-mojligheter-pa-landsbygden\\\/\",\"name\":\"Cirkul\u00e4ra m\u00f6jligheter p\u00e5 landsbygden - Leader Nordv\u00e4stra Skaraborg\",\"isPartOf\":{\"@id\":\"https:\\\/\\\/leadernvskaraborg.se\\\/#website\"},\"primaryImageOfPage\":{\"@id\":\"https:\\\/\\\/leadernvskaraborg.se\\\/kalenderpost\\\/cirkulara-mojligheter-pa-landsbygden\\\/#primaryimage\"},\"image\":{\"@id\":\"https:\\\/\\\/leadernvskaraborg.se\\\/kalenderpost\\\/cirkulara-mojligheter-pa-landsbygden\\\/#primaryimage\"},\"thumbnailUrl\":\"https:\\\/\\\/leadernvskaraborg.se\\\/wp-content\\\/uploads\\\/sites\\\/33\\\/2026\\\/09\\\/1.jpg\",\"datePublished\":\"2026-09-03T08:55:25+00:00\",\"dateModified\":\"2026-09-03T08:56:56+00:00\",\"description\":\"Inspirationskv\u00e4ll om \u00e5terbruk, h\u00e5llbara resurser och lokal utveckling. Uppt\u00e4ck nya m\u00f6jligheter och f\u00e5 veta hur din id\u00e9 kan f\u00e5 Leaderst\u00f6d.\",\"breadcrumb\":{\"@id\":\"https:\\\/\\\/leadernvskaraborg.se\\\/kalenderpost\\\/cirkulara-mojligheter-pa-landsbygden\\\/#breadcrumb\"},\"inLanguage\":\"en-US\",\"potentialAction\":[{\"@type\":\"ReadAction\",\"target\":[\"https:\\\/\\\/leadernvskaraborg.se\\\/kalenderpost\\\/cirkulara-mojligheter-pa-landsbygden\\\/\"]}]},{\"@type\":\"ImageObject\",\"inLanguage\":\"en-US\",\"@id\":\"https:\\\/\\\/leadernvskaraborg.se\\\/kalenderpost\\\/cirkulara-mojligheter-pa-landsbygden\\\/#primaryimage\",\"url\":\"https:\\\/\\\/leadernvskaraborg.se\\\/wp-content\\\/uploads\\\/sites\\\/33\\\/2026\\\/09\\\/1.jpg\",\"contentUrl\":\"https:\\\/\\\/leadernvskaraborg.se\\\/wp-content\\\/uploads\\\/sites\\\/33\\\/2026\\\/09\\\/1.jpg\",\"width\":1920,\"height\":1080,\"caption\":\"\u00c5terbrukade textilir och byggnadsv\u00e5rd\"},{\"@type\":\"BreadcrumbList\",\"@id\":\"https:\\\/\\\/leadernvskaraborg.se\\\/kalenderpost\\\/cirkulara-mojligheter-pa-landsbygden\\\/#breadcrumb\",\"itemListElement\":[{\"@type\":\"ListItem\",\"position\":1,\"name\":\"Hem\",\"item\":\"https:\\\/\\\/leadernvskaraborg.se\\\/\"},{\"@type\":\"ListItem\",\"position\":2,\"name\":\"Cirkul\u00e4ra m\u00f6jligheter p\u00e5 landsbygden\"}]},{\"@type\":\"WebSite\",\"@id\":\"https:\\\/\\\/leadernvskaraborg.se\\\/#website\",\"url\":\"https:\\\/\\\/leadernvskaraborg.se\\\/\",\"name\":\"Leader Nordv\u00e4stra Skaraborg\",\"description\":\"\",\"potentialAction\":[{\"@type\":\"SearchAction\",\"target\":{\"@type\":\"EntryPoint\",\"urlTemplate\":\"https:\\\/\\\/leadernvskaraborg.se\\\/?s={search_term_string}\"},\"query-input\":{\"@type\":\"PropertyValueSpecification\",\"valueRequired\":true,\"valueName\":\"search_term_string\"}}],\"inLanguage\":\"en-US\"}]}<\/script>\n<!-- \/ Yoast SEO plugin. -->","yoast_head_json":{"title":"Cirkul\u00e4ra m\u00f6jligheter p\u00e5 landsbygden - Leader Nordv\u00e4stra Skaraborg","description":"Inspirationskv\u00e4ll om \u00e5terbruk, h\u00e5llbara resurser och lokal utveckling. Uppt\u00e4ck nya m\u00f6jligheter och f\u00e5 veta hur din id\u00e9 kan f\u00e5 Leaderst\u00f6d.","robots":{"index":"index","follow":"follow","max-snippet":"max-snippet:-1","max-image-preview":"max-image-preview:large","max-video-preview":"max-video-preview:-1"},"canonical":"https:\/\/leadernvskaraborg.se\/en\/kalenderpost\/cirkulara-mojligheter-pa-landsbygden\/","og_locale":"en_US","og_type":"article","og_title":"Cirkul\u00e4ra m\u00f6jligheter p\u00e5 landsbygden - Leader Nordv\u00e4stra Skaraborg","og_description":"Inspirationskv\u00e4ll om \u00e5terbruk, h\u00e5llbara resurser och lokal utveckling. Uppt\u00e4ck nya m\u00f6jligheter och f\u00e5 veta hur din id\u00e9 kan f\u00e5 Leaderst\u00f6d.","og_url":"https:\/\/leadernvskaraborg.se\/en\/kalenderpost\/cirkulara-mojligheter-pa-landsbygden\/","og_site_name":"Leader Nordv\u00e4stra Skaraborg","article_modified_time":"2026-09-03T08:56:56+00:00","og_image":[{"width":1920,"height":1080,"url":"https:\/\/leadernvskaraborg.se\/wp-content\/uploads\/sites\/33\/2026\/09\/1.jpg","type":"image\/jpeg"}],"twitter_card":"summary_large_image","twitter_misc":{"Est. reading time":"2 minutes"},"schema":{"@context":"https:\/\/schema.org","@graph":[{"@type":"WebPage","@id":"https:\/\/leadernvskaraborg.se\/kalenderpost\/cirkulara-mojligheter-pa-landsbygden\/","url":"https:\/\/leadernvskaraborg.se\/kalenderpost\/cirkulara-mojligheter-pa-landsbygden\/","name":"Cirkul\u00e4ra m\u00f6jligheter p\u00e5 landsbygden - Leader Nordv\u00e4stra Skaraborg","isPartOf":{"@id":"https:\/\/leadernvskaraborg.se\/#website"},"primaryImageOfPage":{"@id":"https:\/\/leadernvskaraborg.se\/kalenderpost\/cirkulara-mojligheter-pa-landsbygden\/#primaryimage"},"image":{"@id":"https:\/\/leadernvskaraborg.se\/kalenderpost\/cirkulara-mojligheter-pa-landsbygden\/#primaryimage"},"thumbnailUrl":"https:\/\/leadernvskaraborg.se\/wp-content\/uploads\/sites\/33\/2026\/09\/1.jpg","datePublished":"2026-09-03T08:55:25+00:00","dateModified":"2026-09-03T08:56:56+00:00","description":"Inspirationskv\u00e4ll om \u00e5terbruk, h\u00e5llbara resurser och lokal utveckling. Uppt\u00e4ck nya m\u00f6jligheter och f\u00e5 veta hur din id\u00e9 kan f\u00e5 Leaderst\u00f6d.","breadcrumb":{"@id":"https:\/\/leadernvskaraborg.se\/kalenderpost\/cirkulara-mojligheter-pa-landsbygden\/#breadcrumb"},"inLanguage":"en-US","potentialAction":[{"@type":"ReadAction","target":["https:\/\/leadernvskaraborg.se\/kalenderpost\/cirkulara-mojligheter-pa-landsbygden\/"]}]},{"@type":"ImageObject","inLanguage":"en-US","@id":"https:\/\/leadernvskaraborg.se\/kalenderpost\/cirkulara-mojligheter-pa-landsbygden\/#primaryimage","url":"https:\/\/leadernvskaraborg.se\/wp-content\/uploads\/sites\/33\/2026\/09\/1.jpg","contentUrl":"https:\/\/leadernvskaraborg.se\/wp-content\/uploads\/sites\/33\/2026\/09\/1.jpg","width":1920,"height":1080,"caption":"\u00c5terbrukade textilir och byggnadsv\u00e5rd"},{"@type":"BreadcrumbList","@id":"https:\/\/leadernvskaraborg.se\/kalenderpost\/cirkulara-mojligheter-pa-landsbygden\/#breadcrumb","itemListElement":[{"@type":"ListItem","position":1,"name":"Hem","item":"https:\/\/leadernvskaraborg.se\/"},{"@type":"ListItem","position":2,"name":"Cirkul\u00e4ra m\u00f6jligheter p\u00e5 landsbygden"}]},{"@type":"WebSite","@id":"https:\/\/leadernvskaraborg.se\/#website","url":"https:\/\/leadernvskaraborg.se\/","name":"Leader Northwest Skaraborg","description":"","potentialAction":[{"@type":"SearchAction","target":{"@type":"EntryPoint","urlTemplate":"https:\/\/leadernvskaraborg.se\/?s={search_term_string}"},"query-input":{"@type":"PropertyValueSpecification","valueRequired":true,"valueName":"search_term_string"}}],"inLanguage":"en-US"}]}},"_links":{"self":[{"href":"https:\/\/leadernvskaraborg.se\/en\/wp-json\/wp\/v2\/kalenderpost\/10348","targetHints":{"allow":["GET"]}}],"collection":[{"href":"https:\/\/leadernvskaraborg.se\/en\/wp-json\/wp\/v2\/kalenderpost"}],"about":[{"href":"https:\/\/leadernvskaraborg.se\/en\/wp-json\/wp\/v2\/types\/kalenderpost"}],"version-history":[{"count":5,"href":"https:\/\/leadernvskaraborg.se\/en\/wp-json\/wp\/v2\/kalenderpost\/10348\/revisions"}],"predecessor-version":[{"id":10354,"href":"https:\/\/leadernvskaraborg.se\/en\/wp-json\/wp\/v2\/kalenderpost\/10348\/revisions\/10354"}],"wp:featuredmedia":[{"embeddable":true,"href":"https:\/\/leadernvskaraborg.se\/en\/wp-json\/wp\/v2\/media\/10349"}],"wp:attachment":[{"href":"https:\/\/leadernvskaraborg.se\/en\/wp-json\/wp\/v2\/media?parent=10348"}],"curies":[{"name":"wp","href":"https:\/\/api.w.org\/{rel}","templated":true}]}}